{"id":7187,"date":"2023-06-26T00:42:55","date_gmt":"2023-06-26T06:42:55","guid":{"rendered":"https:\/\/www.igocanada.ca\/?p=7187"},"modified":"2023-06-26T00:42:56","modified_gmt":"2023-06-26T06:42:56","slug":"viec-lam-o-saskatchewan-co-pr-nhanh","status":"publish","type":"post","link":"https:\/\/www.igocanada.ca\/vi\/viec-lam-o-saskatchewan-co-pr-nhanh\/","title":{"rendered":"Vi\u1ec7c L\u00e0m \u1ede Saskatchewan C\u00f3 PR Nhanh"},"content":{"rendered":"\n<p>Saskatchewan l\u00e0 m\u1ed9t t\u1ec9nh bang t\u1ea1i Canada c\u00f3 n\u1ec1n kinh t\u1ebf ph\u00e1t tri\u1ec3n v\u00e0 r\u1ea5t h\u1ea5p d\u1eabn \u0111\u1ed1i v\u1edbi ng\u01b0\u1eddi mu\u1ed1n t\u00ecm vi\u1ec7c l\u00e0m v\u00e0 \u0111\u1ecbnh c\u01b0. B\u00e0i vi\u1ebft n\u00e0y s\u1ebd gi\u00fap b\u1ea1n hi\u1ec3u r\u00f5 v\u1ec1 vi\u1ec7c l\u00e0m t\u1ea1i Saskatchewan, c\u00e1c ng\u00e0nh ngh\u1ec1 ph\u1ed5 bi\u1ebfn, y\u00eau c\u1ea7u v\u00e0 ti\u00eau chu\u1ea9n cho vi\u1ec7c l\u00e0m \u1edf \u0111\u00e2y, c\u0169ng nh\u01b0 ch\u01b0\u01a1ng tr\u00ecnh di\u1ec7n vi\u1ec7c l\u00e0m \u0111\u1ec1 c\u1eed t\u1ec9nh bang Saskatchewan v\u00e0 l\u1ee3i \u00edch c\u1ee7a vi\u1ec7c c\u00f3 th\u1ebb xanh (PR) Canada.<\/p>\n\n\n\n<div id=\"ez-toc-container\" class=\"ez-toc-v2_0_82_2 counter-hierarchy ez-toc-counter ez-toc-grey ez-toc-container-direction\">\n<div class=\"ez-toc-title-container\">\n<p class=\"ez-toc-title\" style=\"cursor:inherit\">N\u1ed9i Dung Ch\u00ednh<\/p>\n<span class=\"ez-toc-title-toggle\"><\/span><\/div>\n<nav><ul class='ez-toc-list ez-toc-list-level-1 ' ><li class='ez-toc-page-1 ez-toc-heading-level-2'><a class=\"ez-toc-link ez-toc-heading-1\" href=\"https:\/\/www.igocanada.ca\/vi\/viec-lam-o-saskatchewan-co-pr-nhanh\/#Cac_nganh_nghe_pho_bien_tai_Saskatchewan\" >C\u00e1c ng\u00e0nh ngh\u1ec1 ph\u1ed5 bi\u1ebfn t\u1ea1i Saskatchewan<\/a><ul class='ez-toc-list-level-3' ><li class='ez-toc-heading-level-3'><a class=\"ez-toc-link ez-toc-heading-2\" href=\"https:\/\/www.igocanada.ca\/vi\/viec-lam-o-saskatchewan-co-pr-nhanh\/#Xin_Viec_Lam_Co_PR_Nhanh_tai_Saskatchewan\" >Xin Vi\u1ec7c L\u00e0m C\u00f3 PR Nhanh t\u1ea1i Saskatchewan<\/a><\/li><\/ul><\/li><li class='ez-toc-page-1 ez-toc-heading-level-2'><a class=\"ez-toc-link ez-toc-heading-3\" href=\"https:\/\/www.igocanada.ca\/vi\/viec-lam-o-saskatchewan-co-pr-nhanh\/#Tim_kiem_viec_lam_tai_Saskatchewan\" >T\u00ecm ki\u1ebfm vi\u1ec7c l\u00e0m t\u1ea1i Saskatchewan<\/a><\/li><li class='ez-toc-page-1 ez-toc-heading-level-2'><a class=\"ez-toc-link ez-toc-heading-4\" href=\"https:\/\/www.igocanada.ca\/vi\/viec-lam-o-saskatchewan-co-pr-nhanh\/#Yeu_cau_va_tieu_chuan_cho_viec_lam_tai_Saskatchewan\" >Y\u00eau c\u1ea7u v\u00e0 ti\u00eau chu\u1ea9n cho vi\u1ec7c l\u00e0m t\u1ea1i Saskatchewan<\/a><\/li><li class='ez-toc-page-1 ez-toc-heading-level-2'><a class=\"ez-toc-link ez-toc-heading-5\" href=\"https:\/\/www.igocanada.ca\/vi\/viec-lam-o-saskatchewan-co-pr-nhanh\/#Chuong_trinh_dinh_cu_dien_viec_lam_de_cu_tinh_bang_Saskatchewan\" >Ch\u01b0\u01a1ng tr\u00ecnh \u0111\u1ecbnh c\u01b0 di\u1ec7n vi\u1ec7c l\u00e0m \u0111\u1ec1 c\u1eed t\u1ec9nh bang Saskatchewan<\/a><\/li><li class='ez-toc-page-1 ez-toc-heading-level-2'><a class=\"ez-toc-link ez-toc-heading-6\" href=\"https:\/\/www.igocanada.ca\/vi\/viec-lam-o-saskatchewan-co-pr-nhanh\/#Thoi_gian_xet_duyet_Work_Permit_nhanh\" >Th\u1eddi gian x\u00e9t duy\u1ec7t Work Permit nhanh<\/a><\/li><li class='ez-toc-page-1 ez-toc-heading-level-2'><a class=\"ez-toc-link ez-toc-heading-7\" href=\"https:\/\/www.igocanada.ca\/vi\/viec-lam-o-saskatchewan-co-pr-nhanh\/#Chi_sau_12_den_14_thang_co_the_xanh_PR_Canada\" >Ch\u1ec9 sau 12 \u0111\u1ebfn 14 th\u00e1ng c\u00f3 th\u1ebb xanh (PR) Canada<\/a><\/li><li class='ez-toc-page-1 ez-toc-heading-level-2'><a class=\"ez-toc-link ez-toc-heading-8\" href=\"https:\/\/www.igocanada.ca\/vi\/viec-lam-o-saskatchewan-co-pr-nhanh\/#Ket_luan\" >K\u1ebft lu\u1eadn<\/a><\/li><\/ul><\/nav><\/div>\n<h2 class=\"wp-block-heading\"><span class=\"ez-toc-section\" id=\"Cac_nganh_nghe_pho_bien_tai_Saskatchewan\"><\/span>C\u00e1c ng\u00e0nh ngh\u1ec1 ph\u1ed5 bi\u1ebfn t\u1ea1i Saskatchewan<span class=\"ez-toc-section-end\"><\/span><\/h2>\n\n\n\n<ul class=\"wp-block-list\">\n<li>L\u0129nh v\u1ef1c n\u00f4ng nghi\u1ec7p: Saskatchewan l\u00e0 m\u1ed9t trong nh\u1eefng v\u00f9ng \u0111\u1ed3ng qu\u00ea ph\u00e1t tri\u1ec3n m\u1ea1nh m\u1ebd t\u1ea1i Canada. Ng\u00e0nh n\u00f4ng nghi\u1ec7p v\u00e0 ch\u1ebf bi\u1ebfn n\u00f4ng s\u1ea3n cung c\u1ea5p nhi\u1ec1u c\u01a1 h\u1ed9i vi\u1ec7c l\u00e0m, bao g\u1ed3m tr\u1ed3ng tr\u1ecdt, ch\u0103n nu\u00f4i gia s\u00fac, s\u1ea3n xu\u1ea5t th\u1ef1c ph\u1ea9m, v\u00e0 c\u00f4ng ngh\u1ec7 sinh h\u1ecdc n\u00f4ng nghi\u1ec7p.<\/li>\n\n\n\n<li>C\u00f4ng ngh\u1ec7 th\u00f4ng tin v\u00e0 truy\u1ec1n th\u00f4ng: T\u1ec9nh bang n\u00e0y c\u0169ng c\u00f3 m\u1ed9t s\u1ed1 c\u00f4ng ty c\u00f4ng ngh\u1ec7 th\u00f4ng tin v\u00e0 truy\u1ec1n th\u00f4ng l\u1edbn, t\u1ea1o ra nhu c\u1ea7u l\u1edbn v\u1ec1 c\u00e1c chuy\u00ean gia v\u1ec1 ph\u1ea7n m\u1ec1m, l\u1eadp tr\u00ecnh vi\u00ean, k\u1ef9 s\u01b0 m\u1ea1ng, v\u00e0 nh\u00e2n vi\u00ean h\u1ed7 tr\u1ee3 k\u1ef9 thu\u1eadt.<\/li>\n\n\n\n<li>Khoa h\u1ecdc v\u00e0 c\u00f4ng ngh\u1ec7: Saskatchewan c\u00f3 c\u00e1c tr\u01b0\u1eddng \u0111\u1ea1i h\u1ecdc v\u00e0 vi\u1ec7n nghi\u00ean c\u1ee9u h\u00e0ng \u0111\u1ea7u trong l\u0129nh v\u1ef1c khoa h\u1ecdc v\u00e0 c\u00f4ng ngh\u1ec7, t\u1ea1o ra c\u01a1 h\u1ed9i l\u00e0m vi\u1ec7c cho c\u00e1c nh\u00e0 khoa h\u1ecdc, nh\u00e0 nghi\u00ean c\u1ee9u, v\u00e0 k\u1ef9 s\u01b0 trong c\u00e1c ng\u00e0nh nh\u01b0 h\u00f3a h\u1ecdc, sinh h\u1ecdc, v\u1eadt li\u1ec7u, v\u00e0 n\u0103ng l\u01b0\u1ee3ng.<\/li>\n<\/ul>\n\n\n\n<p><strong>T\u00f3m t\u1eaft:<\/strong> C\u00e1c ng\u00e0nh ngh\u1ec1 ph\u1ed5 bi\u1ebfn t\u1ea1i Saskatchewan bao g\u1ed3m n\u00f4ng nghi\u1ec7p, c\u00f4ng ngh\u1ec7 th\u00f4ng tin v\u00e0 truy\u1ec1n th\u00f4ng, khoa h\u1ecdc v\u00e0 c\u00f4ng ngh\u1ec7.<\/p>\n\n\n\n<h3 class=\"wp-block-heading\"><span class=\"ez-toc-section\" id=\"Xin_Viec_Lam_Co_PR_Nhanh_tai_Saskatchewan\"><\/span>Xin Vi\u1ec7c L\u00e0m C\u00f3 PR Nhanh t\u1ea1i Saskatchewan<span class=\"ez-toc-section-end\"><\/span><\/h3>\n\n\n\n<p>Hi\u1ec7n t\u1ea1i IGC \u0111ang c\u1ea7n tuy\u1ec3n ng\u01b0\u1eddi t\u1eeb Vi\u1ec7t Nam sang l\u00e0m vi\u1ec7c t\u1ea1i Saskatchewan cho c\u00e1c v\u1ecb tr\u00ed sau:<\/p>\n\n\n\n<ol class=\"wp-block-list\">\n<li><strong>Qu\u1ea3n l\u00fd l\u1ec5 t\u00e2n kh\u00e1ch s\u1ea1n<\/strong><\/li>\n\n\n\n<li><strong>Th\u1ee3 nail<\/strong><\/li>\n\n\n\n<li><strong>Th\u1ee3 l\u00e0m b\u00e1nh<\/strong><\/li>\n<\/ol>\n\n\n\n<figure class=\"wp-block-gallery has-nested-images columns-default is-cropped wp-block-gallery-1 is-layout-flex wp-block-gallery-is-layout-flex\">\n<figure class=\"wp-block-image size-large\"><img decoding=\"async\" width=\"1024\" height=\"651\" data-id=\"7152\" src=\"https:\/\/www.igocanada.ca\/wp-content\/uploads\/2023\/06\/viec-lam-quan-ly-khach-san-tai-canada.jpg\" alt=\"tim hiem viec lam quan ly khach san tai canada\" class=\"wp-image-7152\" srcset=\"https:\/\/www.igocanada.ca\/wp-content\/uploads\/2023\/06\/viec-lam-quan-ly-khach-san-tai-canada.jpg 1024w, https:\/\/www.igocanada.ca\/wp-content\/uploads\/2023\/06\/viec-lam-quan-ly-khach-san-tai-canada-300x191.jpg 300w, https:\/\/www.igocanada.ca\/wp-content\/uploads\/2023\/06\/viec-lam-quan-ly-khach-san-tai-canada-768x488.jpg 768w, https:\/\/www.igocanada.ca\/wp-content\/uploads\/2023\/06\/viec-lam-quan-ly-khach-san-tai-canada-118x75.jpg 118w, https:\/\/www.igocanada.ca\/wp-content\/uploads\/2023\/06\/viec-lam-quan-ly-khach-san-tai-canada-700x445.jpg 700w\" sizes=\"(max-width:767px) 700px, (max-width:1024px) 100vw, 1024px\" \/><\/figure>\n\n\n\n<figure class=\"wp-block-image size-large is-style-default\"><img decoding=\"async\" width=\"1024\" height=\"651\" data-id=\"7114\" src=\"https:\/\/www.igocanada.ca\/wp-content\/uploads\/2023\/05\/nghe-nail-o-canada-4.jpg\" alt=\"\" class=\"wp-image-7114\" srcset=\"https:\/\/www.igocanada.ca\/wp-content\/uploads\/2023\/05\/nghe-nail-o-canada-4.jpg 1024w, https:\/\/www.igocanada.ca\/wp-content\/uploads\/2023\/05\/nghe-nail-o-canada-4-300x191.jpg 300w, https:\/\/www.igocanada.ca\/wp-content\/uploads\/2023\/05\/nghe-nail-o-canada-4-768x488.jpg 768w, https:\/\/www.igocanada.ca\/wp-content\/uploads\/2023\/05\/nghe-nail-o-canada-4-118x75.jpg 118w, https:\/\/www.igocanada.ca\/wp-content\/uploads\/2023\/05\/nghe-nail-o-canada-4-700x445.jpg 700w\" sizes=\"(max-width:767px) 700px, (max-width:1024px) 100vw, 1024px\" \/><\/figure>\n\n\n\n<figure class=\"wp-block-image size-large is-style-default\"><img decoding=\"async\" width=\"1024\" height=\"651\" data-id=\"7125\" src=\"https:\/\/www.igocanada.ca\/wp-content\/uploads\/2023\/06\/tho-lam-banh-o-canada-3.jpg\" alt=\"\" class=\"wp-image-7125\" srcset=\"https:\/\/www.igocanada.ca\/wp-content\/uploads\/2023\/06\/tho-lam-banh-o-canada-3.jpg 1024w, https:\/\/www.igocanada.ca\/wp-content\/uploads\/2023\/06\/tho-lam-banh-o-canada-3-300x191.jpg 300w, https:\/\/www.igocanada.ca\/wp-content\/uploads\/2023\/06\/tho-lam-banh-o-canada-3-768x488.jpg 768w, https:\/\/www.igocanada.ca\/wp-content\/uploads\/2023\/06\/tho-lam-banh-o-canada-3-118x75.jpg 118w, https:\/\/www.igocanada.ca\/wp-content\/uploads\/2023\/06\/tho-lam-banh-o-canada-3-700x445.jpg 700w\" sizes=\"(max-width:767px) 700px, (max-width:1024px) 100vw, 1024px\" \/><\/figure>\n<\/figure>\n\n\n\n<p>C\u00e1c b\u1ea1n c\u00f3 nhu c\u1ea7u l\u00e0m vi\u1ec7c c\u00f3 PR nhanh t\u1ea1i Saskatchewan Canada h\u00e3y li\u00ean h\u1ec7 v\u1edbi <a href=\"https:\/\/www.igocanada.ca\/vi\/\">IGC<\/a> \u0111\u1ec3 \u0111\u01b0\u1ee3c t\u01b0 v\u1ea5n v\u00e0 b\u00e1o ph\u00ed d\u1ecbch v\u1ee5.<\/p>\n\n\n\n<h2 class=\"wp-block-heading\"><span class=\"ez-toc-section\" id=\"Tim_kiem_viec_lam_tai_Saskatchewan\"><\/span>T\u00ecm ki\u1ebfm vi\u1ec7c l\u00e0m t\u1ea1i Saskatchewan<span class=\"ez-toc-section-end\"><\/span><\/h2>\n\n\n<div class=\"wp-block-image\">\n<figure class=\"aligncenter size-full\"><img decoding=\"async\" width=\"1024\" height=\"651\" src=\"https:\/\/www.igocanada.ca\/wp-content\/uploads\/2023\/06\/viec-lam-o-saskatchewan.jpg\" alt=\"viec lam o Saskatchewan\" class=\"wp-image-7205\" srcset=\"https:\/\/www.igocanada.ca\/wp-content\/uploads\/2023\/06\/viec-lam-o-saskatchewan.jpg 1024w, https:\/\/www.igocanada.ca\/wp-content\/uploads\/2023\/06\/viec-lam-o-saskatchewan-300x191.jpg 300w, https:\/\/www.igocanada.ca\/wp-content\/uploads\/2023\/06\/viec-lam-o-saskatchewan-768x488.jpg 768w, https:\/\/www.igocanada.ca\/wp-content\/uploads\/2023\/06\/viec-lam-o-saskatchewan-118x75.jpg 118w, https:\/\/www.igocanada.ca\/wp-content\/uploads\/2023\/06\/viec-lam-o-saskatchewan-700x445.jpg 700w\" sizes=\"(max-width:767px) 700px, (max-width:1024px) 100vw, 1024px\" \/><\/figure>\n<\/div>\n\n\n<p>\u0110\u1ec3 t\u00ecm vi\u1ec7c l\u00e0m t\u1ea1i Saskatchewan, b\u1ea1n c\u00f3 th\u1ec3 s\u1eed d\u1ee5ng c\u00e1c ngu\u1ed3n th\u00f4ng tin sau:<\/p>\n\n\n\n<ol class=\"wp-block-list\" start=\"1\">\n<li>Trang web vi\u1ec7c l\u00e0m ch\u00ednh th\u1ee9c c\u1ee7a t\u1ec9nh bang Saskatchewan: Trang web n\u00e0y cung c\u1ea5p th\u00f4ng tin v\u1ec1 c\u00e1c c\u00f4ng vi\u1ec7c hi\u1ec7n c\u00f3 trong t\u1ec9nh, c\u00e1ch n\u1ed9p \u0111\u01a1n xin vi\u1ec7c, v\u00e0 t\u01b0 v\u1ea5n v\u1ec1 vi\u1ec7c l\u00e0m.<\/li>\n\n\n\n<li>M\u1ea1ng x\u00e3 h\u1ed9i chuy\u00ean v\u1ec1 vi\u1ec7c l\u00e0m: S\u1eed d\u1ee5ng m\u1ea1ng x\u00e3 h\u1ed9i chuy\u00ean v\u1ec1 vi\u1ec7c l\u00e0m nh\u01b0 LinkedIn \u0111\u1ec3 t\u00ecm ki\u1ebfm vi\u1ec7c l\u00e0m \u1edf Saskatchewan v\u00e0 k\u1ebft n\u1ed1i v\u1edbi c\u00e1c nh\u00e0 tuy\u1ec3n d\u1ee5ng.<\/li>\n\n\n\n<li>Trung t\u00e2m vi\u1ec7c l\u00e0m \u0111\u1ecba ph\u01b0\u01a1ng: C\u00e1c trung t\u00e2m vi\u1ec7c l\u00e0m \u0111\u1ecba ph\u01b0\u01a1ng cung c\u1ea5p th\u00f4ng tin v\u1ec1 vi\u1ec7c l\u00e0m trong v\u00f9ng v\u00e0 c\u00f3 th\u1ec3 gi\u00fap b\u1ea1n v\u1edbi qu\u00e1 tr\u00ecnh t\u00ecm ki\u1ebfm v\u00e0 xin vi\u1ec7c.<\/li>\n<\/ol>\n\n\n\n<p><strong>T\u00f3m t\u1eaft:<\/strong> B\u1ea1n c\u00f3 th\u1ec3 t\u00ecm ki\u1ebfm vi\u1ec7c l\u00e0m t\u1ea1i Saskatchewan th\u00f4ng qua trang web vi\u1ec7c l\u00e0m ch\u00ednh th\u1ee9c, m\u1ea1ng x\u00e3 h\u1ed9i chuy\u00ean v\u1ec1 vi\u1ec7c l\u00e0m, v\u00e0 trung t\u00e2m vi\u1ec7c l\u00e0m \u0111\u1ecba ph\u01b0\u01a1ng.<\/p>\n\n\n\n<h2 class=\"wp-block-heading\"><span class=\"ez-toc-section\" id=\"Yeu_cau_va_tieu_chuan_cho_viec_lam_tai_Saskatchewan\"><\/span>Y\u00eau c\u1ea7u v\u00e0 ti\u00eau chu\u1ea9n cho vi\u1ec7c l\u00e0m t\u1ea1i Saskatchewan<span class=\"ez-toc-section-end\"><\/span><\/h2>\n\n\n\n<figure class=\"wp-block-image size-full\"><img decoding=\"async\" width=\"1024\" height=\"651\" src=\"https:\/\/www.igocanada.ca\/wp-content\/uploads\/2023\/06\/viec-lam-o-saskatchewan-3.jpg\" alt=\"viec lam o Saskatchewan\" class=\"wp-image-7199\" srcset=\"https:\/\/www.igocanada.ca\/wp-content\/uploads\/2023\/06\/viec-lam-o-saskatchewan-3.jpg 1024w, https:\/\/www.igocanada.ca\/wp-content\/uploads\/2023\/06\/viec-lam-o-saskatchewan-3-300x191.jpg 300w, https:\/\/www.igocanada.ca\/wp-content\/uploads\/2023\/06\/viec-lam-o-saskatchewan-3-768x488.jpg 768w, https:\/\/www.igocanada.ca\/wp-content\/uploads\/2023\/06\/viec-lam-o-saskatchewan-3-118x75.jpg 118w, https:\/\/www.igocanada.ca\/wp-content\/uploads\/2023\/06\/viec-lam-o-saskatchewan-3-700x445.jpg 700w\" sizes=\"(max-width:767px) 700px, (max-width:1024px) 100vw, 1024px\" \/><\/figure>\n\n\n\n<p>Khi xin vi\u1ec7c t\u1ea1i Saskatchewan, b\u1ea1n c\u1ea7n l\u01b0u \u00fd c\u00e1c y\u00eau c\u1ea7u v\u00e0 ti\u00eau chu\u1ea9n c\u1ea7n thi\u1ebft. D\u01b0\u1edbi \u0111\u00e2y l\u00e0 m\u1ed9t s\u1ed1 y\u00eau c\u1ea7u v\u00e0 ti\u00eau chu\u1ea9n ph\u1ed5 bi\u1ebfn cho vi\u1ec7c l\u00e0m t\u1ea1i Saskatchewan:<\/p>\n\n\n\n<ol class=\"wp-block-list\" start=\"1\">\n<li>Tr\u00ecnh \u0111\u1ed9 h\u1ecdc v\u1ea5n: \u0110\u1ed1i v\u1edbi nhi\u1ec1u ng\u00e0nh ngh\u1ec1, tr\u00ecnh \u0111\u1ed9 h\u1ecdc v\u1ea5n t\u1ed1i thi\u1ec3u l\u00e0 t\u1ed1t nghi\u1ec7p trung h\u1ecdc ho\u1eb7c c\u00f3 b\u1eb1ng c\u1ea5p t\u01b0\u01a1ng \u0111\u01b0\u01a1ng. Tuy nhi\u00ean, c\u00e1c v\u1ecb tr\u00ed chuy\u00ean m\u00f4n cao h\u01a1n y\u00eau c\u1ea7u b\u1eb1ng c\u1ea5p \u0111\u1ea1i h\u1ecdc ho\u1eb7c cao h\u01a1n.<\/li>\n\n\n\n<li>Kinh nghi\u1ec7m l\u00e0m vi\u1ec7c: Nhi\u1ec1u c\u00f4ng vi\u1ec7c \u0111\u00f2i h\u1ecfi c\u00f3 kinh nghi\u1ec7m l\u00e0m vi\u1ec7c li\u00ean quan. Th\u00f4ng th\u01b0\u1eddng, \u00edt nh\u1ea5t 1-5 n\u0103m kinh nghi\u1ec7m l\u00e0m vi\u1ec7c trong l\u0129nh v\u1ef1c t\u01b0\u01a1ng \u1ee9ng \u0111\u01b0\u1ee3c y\u00eau c\u1ea7u.<\/li>\n\n\n\n<li>N\u0103ng l\u1ef1c ngo\u1ea1i ng\u1eef: Ti\u1ebfng Anh l\u00e0 ng\u00f4n ng\u1eef ch\u00ednh th\u1ee9c t\u1ea1i Saskatchewan, do \u0111\u00f3, kh\u1ea3 n\u0103ng giao ti\u1ebfp ti\u1ebfng Anh th\u00e0nh th\u1ea1o l\u00e0 r\u1ea5t quan tr\u1ecdng. N\u1ebfu b\u1ea1n c\u00f3 th\u1ec3 n\u00f3i th\u00eam ti\u1ebfng Ph\u00e1p, \u0111i\u1ec1u n\u00e0y c\u0169ng s\u1ebd l\u00e0 m\u1ed9t l\u1ee3i th\u1ebf.<\/li>\n\n\n\n<li>B\u1eb1ng c\u1ea5p v\u00e0 ch\u1ee9ng ch\u1ec9: \u0110\u1ed1i v\u1edbi m\u1ed9t s\u1ed1 ng\u00e0nh ngh\u1ec1, y\u00eau c\u1ea7u c\u00f3 b\u1eb1ng c\u1ea5p ho\u1eb7c ch\u1ee9ng ch\u1ec9 chuy\u00ean m\u00f4n. V\u00ed d\u1ee5, c\u00e1c ng\u00e0nh y t\u1ebf c\u00f3 th\u1ec3 y\u00eau c\u1ea7u c\u00e1c b\u1eb1ng c\u1ea5p nh\u01b0 B\u00e1c s\u0129, Y t\u00e1, ho\u1eb7c D\u01b0\u1ee3c s\u0129.<\/li>\n\n\n\n<li>L\u00e0m vi\u1ec7c h\u1ee3p ph\u00e1p: \u0110\u1ec3 l\u00e0m vi\u1ec7c t\u1ea1i Saskatchewan, b\u1ea1n ph\u1ea3i c\u00f3 gi\u1ea5y ph\u00e9p l\u00e0m vi\u1ec7c h\u1ee3p ph\u00e1p. N\u1ebfu b\u1ea1n kh\u00f4ng ph\u1ea3i l\u00e0 c\u00f4ng d\u00e2n Canada, b\u1ea1n c\u1ea7n xin c\u1ea5p gi\u1ea5y ph\u00e9p l\u00e0m vi\u1ec7c t\u1eeb C\u01a1 quan Di tr\u00fa Canada.<\/li>\n<\/ol>\n\n\n\n<p><strong>T\u00f3m t\u1eaft:<\/strong> Y\u00eau c\u1ea7u v\u00e0 ti\u00eau chu\u1ea9n cho vi\u1ec7c l\u00e0m t\u1ea1i Saskatchewan bao g\u1ed3m tr\u00ecnh \u0111\u1ed9 h\u1ecdc v\u1ea5n, kinh nghi\u1ec7m l\u00e0m vi\u1ec7c, n\u0103ng l\u1ef1c ngo\u1ea1i ng\u1eef, b\u1eb1ng c\u1ea5p v\u00e0 ch\u1ee9ng ch\u1ec9, c\u0169ng nh\u01b0 vi\u1ec7c c\u00f3 gi\u1ea5y ph\u00e9p l\u00e0m vi\u1ec7c h\u1ee3p ph\u00e1p.<\/p>\n\n\n\n<h2 class=\"wp-block-heading\"><span class=\"ez-toc-section\" id=\"Chuong_trinh_dinh_cu_dien_viec_lam_de_cu_tinh_bang_Saskatchewan\"><\/span>Ch\u01b0\u01a1ng tr\u00ecnh \u0111\u1ecbnh c\u01b0 di\u1ec7n vi\u1ec7c l\u00e0m \u0111\u1ec1 c\u1eed t\u1ec9nh bang Saskatchewan<span class=\"ez-toc-section-end\"><\/span><\/h2>\n\n\n\n<figure class=\"wp-block-image size-large\"><img decoding=\"async\" width=\"1024\" height=\"853\" src=\"https:\/\/www.igocanada.ca\/wp-content\/uploads\/2023\/06\/chuong-trinh-sinp-1024x853.jpeg\" alt=\"viec lam o Saskatchewan\" class=\"wp-image-7195\" srcset=\"https:\/\/www.igocanada.ca\/wp-content\/uploads\/2023\/06\/chuong-trinh-sinp-1024x853.jpeg 1024w, https:\/\/www.igocanada.ca\/wp-content\/uploads\/2023\/06\/chuong-trinh-sinp-300x250.jpeg 300w, https:\/\/www.igocanada.ca\/wp-content\/uploads\/2023\/06\/chuong-trinh-sinp-768x640.jpeg 768w, https:\/\/www.igocanada.ca\/wp-content\/uploads\/2023\/06\/chuong-trinh-sinp-90x75.jpeg 90w, https:\/\/www.igocanada.ca\/wp-content\/uploads\/2023\/06\/chuong-trinh-sinp-700x583.jpeg 700w\" sizes=\"(max-width:767px) 700px, (max-width:1024px) 100vw, 1024px\" \/><\/figure>\n\n\n\n<p>Ch\u01b0\u01a1ng tr\u00ecnh \u0110\u1ecbnh c\u01b0 Di\u1ec7n vi\u1ec7c l\u00e0m \u0111\u1ec1 c\u1eed t\u1ec9nh bang Saskatchewan (Saskatchewan Immigrant Nominee Program &#8211; SINP) l\u00e0 m\u1ed9t ch\u01b0\u01a1ng tr\u00ecnh c\u1ee7a ch\u00ednh ph\u1ee7 Saskatchewan nh\u1eb1m thu h\u00fat nh\u1eefng lao \u0111\u1ed9ng t\u00e0i n\u0103ng v\u00e0 gia \u0111\u00ecnh \u0111\u1ebfn \u0111\u1ecbnh c\u01b0 t\u1ea1i t\u1ec9nh bang n\u00e0y. D\u01b0\u1edbi \u0111\u00e2y l\u00e0 c\u00e1c ph\u00e2n lo\u1ea1i ch\u01b0\u01a1ng tr\u00ecnh SINP:<\/p>\n\n\n\n<ol class=\"wp-block-list\" start=\"1\">\n<li>Ch\u01b0\u01a1ng tr\u00ecnh \u0110\u1ecbnh c\u01b0 Qu\u1ed1c t\u1ebf: D\u00e0nh cho nh\u1eefng c\u00e1 nh\u00e2n \u0111\u00e3 c\u00f3 k\u1ef9 n\u0103ng v\u00e0 kinh nghi\u1ec7m l\u00e0m vi\u1ec7c trong m\u1ed9t ng\u00e0nh ngh\u1ec1 \u0111\u01b0\u1ee3c \u01b0u ti\u00ean t\u1ea1i Saskatchewan.<\/li>\n\n\n\n<li>Ch\u01b0\u01a1ng tr\u00ecnh \u0110\u1ecbnh c\u01b0 do Kinh doanh: D\u00e0nh cho nh\u1eefng ng\u01b0\u1eddi mu\u1ed1n \u0111\u1ea7u t\u01b0 v\u00e0o Saskatchewan ho\u1eb7c mua m\u1ed9t c\u00f4ng ty hi\u1ec7n c\u00f3 t\u1ea1i t\u1ec9nh n\u00e0y.<\/li>\n\n\n\n<li>Ch\u01b0\u01a1ng tr\u00ecnh \u0110\u1ecbnh c\u01b0 D\u1ef1 \u00e1n Farm Owner\/Operator: D\u00e0nh cho nh\u1eefng ng\u01b0\u1eddi mu\u1ed1n \u0111\u1ecbnh c\u01b0 v\u00e0 qu\u1ea3n l\u00fd m\u1ed9t trang tr\u1ea1i t\u1ea1i Saskatchewan.<\/li>\n<\/ol>\n\n\n\n<p><strong>T\u00f3m t\u1eaft:<\/strong> Ch\u01b0\u01a1ng tr\u00ecnh \u0110\u1ecbnh c\u01b0 Di\u1ec7n vi\u1ec7c l\u00e0m \u0111\u1ec1 c\u1eed t\u1ec9nh bang Saskatchewan (SINP)cung c\u1ea5p c\u00e1c ph\u00e2n lo\u1ea1i ch\u01b0\u01a1ng tr\u00ecnh, bao g\u1ed3m \u0110\u1ecbnh c\u01b0 Qu\u1ed1c t\u1ebf, \u0110\u1ecbnh c\u01b0 do Kinh doanh, v\u00e0 \u0110\u1ecbnh c\u01b0 D\u1ef1 \u00e1n Farm Owner\/Operator.<\/p>\n\n\n\n<h2 class=\"wp-block-heading\"><span class=\"ez-toc-section\" id=\"Thoi_gian_xet_duyet_Work_Permit_nhanh\"><\/span>Th\u1eddi gian x\u00e9t duy\u1ec7t Work Permit nhanh<span class=\"ez-toc-section-end\"><\/span><\/h2>\n\n\n\n<p>M\u1ed9t l\u1ee3i \u00edch kh\u00e1c c\u1ee7a vi\u1ec7c l\u00e0m t\u1ea1i Saskatchewan l\u00e0 th\u1eddi gian x\u00e9t duy\u1ec7t Work Permit c\u0169ng r\u1ea5t nhanh. Sau khi \u0111\u01b0\u1ee3c \u0111\u1ec1 c\u1eed b\u1edfi Saskatchewan trong khu\u00f4n kh\u1ed5 ch\u01b0\u01a1ng tr\u00ecnh SINP, b\u1ea1n c\u00f3 th\u1ec3 n\u1ed9p \u0111\u01a1n xin Work Permit t\u1eeb C\u01a1 quan Di tr\u00fa Canada. Qu\u00e1 tr\u00ecnh x\u00e9t duy\u1ec7t Work Permit th\u00f4ng th\u01b0\u1eddng ch\u1ec9 m\u1ea5t kho\u1ea3ng 2-3 th\u00e1ng, cho ph\u00e9p b\u1ea1n c\u00f3 th\u1ec3 nhanh ch\u00f3ng b\u1eaft \u0111\u1ea7u l\u00e0m vi\u1ec7c t\u1ea1i Saskatchewan.<\/p>\n\n\n\n<p>Th\u1eddi gian x\u00e9t duy\u1ec7t nhanh cho Work Permit l\u00e0 m\u1ed9t l\u1ee3i th\u1ebf quan tr\u1ecdng, \u0111\u1eb7c bi\u1ec7t khi so s\u00e1nh v\u1edbi c\u00e1c di\u1ec7n \u0111\u1ecbnh c\u01b0 kh\u00e1c t\u1ea1i Canada. Vi\u1ec7c c\u00f3 Work Permit s\u1ebd cho ph\u00e9p b\u1ea1n l\u00e0m vi\u1ec7c h\u1ee3p ph\u00e1p t\u1ea1i Saskatchewan trong qu\u00e1 tr\u00ecnh ch\u1edd x\u00e9t duy\u1ec7t \u0111\u01a1n xin th\u1ebb xanh (PR).<\/p>\n\n\n\n<p><strong>T\u00f3m t\u1eaft:<\/strong> Th\u1eddi gian x\u00e9t duy\u1ec7t nhanh cho Work Permit khi l\u00e0m vi\u1ec7c t\u1ea1i Saskatchewan gi\u00fap b\u1ea1n c\u00f3 th\u1ec3 nhanh ch\u00f3ng b\u1eaft \u0111\u1ea7u c\u00f4ng vi\u1ec7c v\u00e0 ki\u1ebfm thu nh\u1eadp trong qu\u00e1 tr\u00ecnh ch\u1edd x\u00e9t duy\u1ec7t \u0111\u01a1n xin th\u1ebb xanh.<\/p>\n\n\n\n<h2 class=\"wp-block-heading\"><span class=\"ez-toc-section\" id=\"Chi_sau_12_den_14_thang_co_the_xanh_PR_Canada\"><\/span>Ch\u1ec9 sau 12 \u0111\u1ebfn 14 th\u00e1ng c\u00f3 th\u1ebb xanh (PR) Canada<span class=\"ez-toc-section-end\"><\/span><\/h2>\n\n\n\n<figure class=\"wp-block-image size-full\"><img decoding=\"async\" width=\"1024\" height=\"651\" src=\"https:\/\/www.igocanada.ca\/wp-content\/uploads\/2023\/06\/viec-lam-o-saskatchewan-4.jpg\" alt=\"\" class=\"wp-image-7201\" srcset=\"https:\/\/www.igocanada.ca\/wp-content\/uploads\/2023\/06\/viec-lam-o-saskatchewan-4.jpg 1024w, https:\/\/www.igocanada.ca\/wp-content\/uploads\/2023\/06\/viec-lam-o-saskatchewan-4-300x191.jpg 300w, https:\/\/www.igocanada.ca\/wp-content\/uploads\/2023\/06\/viec-lam-o-saskatchewan-4-768x488.jpg 768w, https:\/\/www.igocanada.ca\/wp-content\/uploads\/2023\/06\/viec-lam-o-saskatchewan-4-118x75.jpg 118w, https:\/\/www.igocanada.ca\/wp-content\/uploads\/2023\/06\/viec-lam-o-saskatchewan-4-700x445.jpg 700w\" sizes=\"(max-width:767px) 700px, (max-width:1024px) 100vw, 1024px\" \/><\/figure>\n\n\n\n<p>M\u1ed9t trong nh\u1eefng l\u1ee3i \u00edch h\u1ea5p d\u1eabn c\u1ee7a vi\u1ec7c l\u00e0m t\u1ea1i Saskatchewan th\u00f4ng qua ch\u01b0\u01a1ng tr\u00ecnh SINP l\u00e0 th\u1eddi gian x\u1eed l\u00fd nhanh cho th\u1ebb xanh (PR) Canada. Th\u00f4ng th\u01b0\u1eddng, sau khi \u0111\u01b0\u1ee3c \u0111\u1ec1 c\u1eed b\u1edfi Saskatchewan v\u00e0 xin th\u1ebb Work Permit, b\u1ea1n c\u00f3 th\u1ec3 l\u00e0m vi\u1ec7c t\u1ea1i Saskatchewan trong kho\u1ea3ng th\u1eddi gian t\u1eeb 12 \u0111\u1ebfn 24 th\u00e1ng. Sau \u0111\u00f3, v\u1edbi \u0111i\u1ec1u ki\u1ec7n l\u00e0 b\u1ea1n \u0111\u00e3 l\u00e0m vi\u1ec7c t\u1ea1i Saskatchewan trong \u00edt nh\u1ea5t 6 th\u00e1ng li\u00ean t\u1ee5c v\u00e0 \u0111\u00e1p \u1ee9ng c\u00e1c y\u00eau c\u1ea7u kh\u00e1c c\u1ee7a ch\u01b0\u01a1ng tr\u00ecnh, b\u1ea1n c\u00f3 th\u1ec3 n\u1ed9p \u0111\u01a1n xin th\u1ebb xanh (PR) Canada.<\/p>\n\n\n\n<p>Th\u1eddi gian x\u1eed l\u00fd \u0111\u01a1n xin th\u1ebb xanh (PR) th\u00f4ng qua ch\u01b0\u01a1ng tr\u00ecnh SINP th\u01b0\u1eddng r\u1ea5t nhanh, ch\u1ec9 m\u1ea5t kho\u1ea3ng 3-4 th\u00e1ng. Do \u0111\u00f3, t\u1ed5ng th\u1eddi gian t\u1eeb khi b\u1ea1n b\u1eaft \u0111\u1ea7u l\u00e0m vi\u1ec7c t\u1ea1i Saskatchewan cho \u0111\u1ebfn khi c\u00f3 th\u1ebb xanh (PR) Canada c\u00f3 th\u1ec3 ch\u1ec9 m\u1ea5t t\u1eeb 12 \u0111\u1ebfn 14 th\u00e1ng. \u0110i\u1ec1u n\u00e0y t\u1ea1o \u0111i\u1ec1u ki\u1ec7n thu\u1eadn l\u1ee3i cho vi\u1ec7c \u0111\u1ecbnh c\u01b0 nhanh ch\u00f3ng v\u00e0 b\u1eaft \u0111\u1ea7u m\u1ed9t cu\u1ed9c s\u1ed1ng m\u1edbi t\u1ea1i Canada.<\/p>\n\n\n\n<p><strong>T\u00f3m t\u1eaft:<\/strong> Th\u1eddi gian x\u1eed l\u00fd nhanh cho th\u1ebb xanh (PR) th\u00f4ng qua ch\u01b0\u01a1ng tr\u00ecnh SINP cho ph\u00e9p b\u1ea1n c\u00f3 th\u1ec3 nh\u1eadn th\u1ebb xanh ch\u1ec9 sau 12 \u0111\u1ebfn 14 th\u00e1ng k\u1ec3 t\u1eeb khi b\u1eaft \u0111\u1ea7u l\u00e0m vi\u1ec7c t\u1ea1i Saskatchewan.<\/p>\n\n\n\n<h2 class=\"wp-block-heading\"><span class=\"ez-toc-section\" id=\"Ket_luan\"><\/span>K\u1ebft lu\u1eadn<span class=\"ez-toc-section-end\"><\/span><\/h2>\n\n\n\n<p>Vi\u1ec7c l\u00e0m t\u1ea1i Saskatchewan th\u00f4ng qua ch\u01b0\u01a1ng tr\u00ecnh \u0110\u1ecbnh c\u01b0 Di\u1ec7n vi\u1ec7c l\u00e0m \u0111\u1ec1 c\u1eed t\u1ec9nh bang Saskatchewan (SINP) mang l\u1ea1i nhi\u1ec1u l\u1ee3i \u00edch, bao g\u1ed3m c\u00e1c ng\u00e0nh ngh\u1ec1 ph\u1ed5 bi\u1ebfn, th\u1eddi gian x\u1eed l\u00fd nhanh cho th\u1ebb xanh (PR) Canada, v\u00e0 th\u1eddi gian x\u00e9t duy\u1ec7t Work Permit nhanh. V\u1edbi nh\u1eefng c\u01a1 h\u1ed9ingh\u1ec1 nghi\u1ec7p v\u00e0 quy tr\u00ecnh \u0111\u1ecbnh c\u01b0 nhanh ch\u00f3ng, vi\u1ec7c l\u00e0m t\u1ea1i Saskatchewan c\u00f3 th\u1ec3 mang l\u1ea1i cho b\u1ea1n m\u1ed9t cu\u1ed9c s\u1ed1ng m\u1edbi t\u1ea1i Canada. \u0110\u1ec3 b\u1eaft \u0111\u1ea7u qu\u00e1 tr\u00ecnh t\u00ecm ki\u1ebfm vi\u1ec7c l\u00e0m v\u00e0 \u0111\u1ecbnh c\u01b0 t\u1ea1i Saskatchewan, h\u00e3y s\u1eed d\u1ee5ng c\u00e1c ngu\u1ed3n th\u00f4ng tin v\u00e0 t\u00e0i nguy\u00ean nh\u01b0 trang web vi\u1ec7c l\u00e0m ch\u00ednh th\u1ee9c c\u1ee7a t\u1ec9nh bang, m\u1ea1ng x\u00e3 h\u1ed9i chuy\u00ean v\u1ec1 vi\u1ec7c l\u00e0m v\u00e0 trung t\u00e2m vi\u1ec7c l\u00e0m \u0111\u1ecba ph\u01b0\u01a1ng.<\/p>\n\n\n\n<p>C\u00e1c b\u1ea1n c\u1ea7n l\u01b0u \u00fd r\u1eb1ng c\u00e1c ch\u00ednh s\u00e1ch v\u00e0 th\u1ee7 t\u1ee5c c\u00f3 th\u1ec3 thay \u0111\u1ed5i theo th\u1eddi gian. V\u00ec v\u1eady, lu\u00f4n ki\u1ec3m tra c\u00e1c ngu\u1ed3n th\u00f4ng tin ch\u00ednh th\u1ee9c v\u00e0 li\u00ean h\u1ec7 v\u1edbi c\u01a1 quan di tr\u00fa v\u00e0 lao \u0111\u1ed9ng Canada \u0111\u1ec3 c\u00f3 th\u00f4ng tin c\u1eadp nh\u1eadt v\u00e0 ch\u00ednh x\u00e1c nh\u1ea5t v\u1ec1 vi\u1ec7c l\u00e0m v\u00e0 \u0111\u1ecbnh c\u01b0 t\u1ea1i Saskatchewan.<\/p>\n","protected":false},"excerpt":{"rendered":"<p>Saskatchewan l\u00e0 m\u1ed9t t\u1ec9nh bang t\u1ea1i Canada c\u00f3 n\u1ec1n kinh t\u1ebf ph\u00e1t tri\u1ec3n v\u00e0 r\u1ea5t h\u1ea5p d\u1eabn \u0111\u1ed1i v\u1edbi ng\u01b0\u1eddi mu\u1ed1n t\u00ecm vi\u1ec7c l\u00e0m v\u00e0 \u0111\u1ecbnh c\u01b0. B\u00e0i vi\u1ebft n\u00e0y s\u1ebd gi\u00fap b\u1ea1n hi\u1ec3u r\u00f5 v\u1ec1 vi\u1ec7c l\u00e0m t\u1ea1i Saskatchewan, c\u00e1c ng\u00e0nh ngh\u1ec1 ph\u1ed5 bi\u1ebfn, y\u00eau c\u1ea7u v\u00e0 ti\u00eau chu\u1ea9n<span class=\"excerpt-hellip\"> [\u2026]<\/span><\/p>\n","protected":false},"author":2,"featured_media":7197,"comment_status":"open","ping_status":"open","sticky":false,"template":"","format":"standard","meta":{"footnotes":""},"categories":[36],"tags":[],"class_list":["post-7187","post","type-post","status-publish","format-standard","has-post-thumbnail","hentry","category-dinh-cu-o-saskatchewan"],"yoast_head":"<!-- This site is optimized with the Yoast SEO plugin v27.4 - https:\/\/yoast.com\/product\/yoast-seo-wordpress\/ -->\n<title>Vi\u1ec7c L\u00e0m \u1ede Saskatchewan C\u00f3 PR Nhanh - IGC Immigration<\/title>\n<meta name=\"description\" content=\"Saskatchewan l\u00e0 m\u1ed9t t\u1ec9nh bang t\u1ea1i Canada c\u00f3 n\u1ec1n kinh t\u1ebf ph\u00e1t tri\u1ec3n v\u00e0 r\u1ea5t h\u1ea5p d\u1eabn \u0111\u1ed1i v\u1edbi ng\u01b0\u1eddi mu\u1ed1n t\u00ecm vi\u1ec7c l\u00e0m v\u00e0 \u0111\u1ecbnh c\u01b0. B\u00e0i vi\u1ebft n\u00e0y s\u1ebd gi\u00fap b\u1ea1n\" \/>\n<meta name=\"robots\" content=\"index, follow, max-snippet:-1, max-image-preview:large, max-video-preview:-1\" \/>\n<link rel=\"canonical\" href=\"https:\/\/www.igocanada.ca\/vi\/viec-lam-o-saskatchewan-co-pr-nhanh\/\" \/>\n<meta property=\"og:locale\" content=\"vi_VN\" \/>\n<meta property=\"og:type\" content=\"article\" \/>\n<meta property=\"og:title\" content=\"Vi\u1ec7c L\u00e0m \u1ede Saskatchewan C\u00f3 PR Nhanh - IGC Immigration\" \/>\n<meta property=\"og:description\" content=\"Saskatchewan l\u00e0 m\u1ed9t t\u1ec9nh bang t\u1ea1i Canada c\u00f3 n\u1ec1n kinh t\u1ebf ph\u00e1t tri\u1ec3n v\u00e0 r\u1ea5t h\u1ea5p d\u1eabn \u0111\u1ed1i v\u1edbi ng\u01b0\u1eddi mu\u1ed1n t\u00ecm vi\u1ec7c l\u00e0m v\u00e0 \u0111\u1ecbnh c\u01b0. B\u00e0i vi\u1ebft n\u00e0y s\u1ebd gi\u00fap b\u1ea1n\" \/>\n<meta property=\"og:url\" content=\"https:\/\/www.igocanada.ca\/vi\/viec-lam-o-saskatchewan-co-pr-nhanh\/\" \/>\n<meta property=\"og:site_name\" content=\"IGC Immigration\" \/>\n<meta property=\"article:publisher\" content=\"https:\/\/www.facebook.com\/igocanada.ca\" \/>\n<meta property=\"article:published_time\" content=\"2023-06-26T06:42:55+00:00\" \/>\n<meta property=\"article:modified_time\" content=\"2023-06-26T06:42:56+00:00\" \/>\n<meta property=\"og:image\" content=\"https:\/\/www.igocanada.ca\/wp-content\/uploads\/2023\/06\/viec-lam-o-saskatchewan-2.jpg\" \/>\n\t<meta property=\"og:image:width\" content=\"1024\" \/>\n\t<meta property=\"og:image:height\" content=\"651\" \/>\n\t<meta property=\"og:image:type\" content=\"image\/jpeg\" \/>\n<meta name=\"author\" content=\"Trang Do\" \/>\n<meta name=\"twitter:card\" content=\"summary_large_image\" \/>\n<meta name=\"twitter:creator\" content=\"@igocanada1\" \/>\n<meta name=\"twitter:site\" content=\"@igocanada1\" \/>\n<meta name=\"twitter:label1\" content=\"Written by\" \/>\n\t<meta name=\"twitter:data1\" content=\"Trang Do\" \/>\n\t<meta name=\"twitter:label2\" content=\"Est. reading time\" \/>\n\t<meta name=\"twitter:data2\" content=\"10 minutes\" \/>\n<script type=\"application\/ld+json\" class=\"yoast-schema-graph\">{\"@context\":\"https:\\\/\\\/schema.org\",\"@graph\":[{\"@type\":\"Article\",\"@id\":\"https:\\\/\\\/www.igocanada.ca\\\/vi\\\/viec-lam-o-saskatchewan-co-pr-nhanh\\\/#article\",\"isPartOf\":{\"@id\":\"https:\\\/\\\/www.igocanada.ca\\\/vi\\\/viec-lam-o-saskatchewan-co-pr-nhanh\\\/\"},\"author\":{\"name\":\"Trang Do\",\"@id\":\"https:\\\/\\\/www.igocanada.ca\\\/vi\\\/#\\\/schema\\\/person\\\/7a8b9af59926b328ccba552ab387bcdb\"},\"headline\":\"Vi\u1ec7c L\u00e0m \u1ede Saskatchewan C\u00f3 PR Nhanh\",\"datePublished\":\"2023-06-26T06:42:55+00:00\",\"dateModified\":\"2023-06-26T06:42:56+00:00\",\"mainEntityOfPage\":{\"@id\":\"https:\\\/\\\/www.igocanada.ca\\\/vi\\\/viec-lam-o-saskatchewan-co-pr-nhanh\\\/\"},\"wordCount\":2343,\"commentCount\":0,\"publisher\":{\"@id\":\"https:\\\/\\\/www.igocanada.ca\\\/vi\\\/#organization\"},\"image\":{\"@id\":\"https:\\\/\\\/www.igocanada.ca\\\/vi\\\/viec-lam-o-saskatchewan-co-pr-nhanh\\\/#primaryimage\"},\"thumbnailUrl\":\"https:\\\/\\\/www.igocanada.ca\\\/wp-content\\\/uploads\\\/2023\\\/06\\\/viec-lam-o-saskatchewan-2.jpg\",\"articleSection\":[\"\u0110\u1ecbnh C\u01b0 \u1edf Saskatchewan\"],\"inLanguage\":\"vi-VN\",\"potentialAction\":[{\"@type\":\"CommentAction\",\"name\":\"Comment\",\"target\":[\"https:\\\/\\\/www.igocanada.ca\\\/vi\\\/viec-lam-o-saskatchewan-co-pr-nhanh\\\/#respond\"]}]},{\"@type\":\"WebPage\",\"@id\":\"https:\\\/\\\/www.igocanada.ca\\\/vi\\\/viec-lam-o-saskatchewan-co-pr-nhanh\\\/\",\"url\":\"https:\\\/\\\/www.igocanada.ca\\\/vi\\\/viec-lam-o-saskatchewan-co-pr-nhanh\\\/\",\"name\":\"Vi\u1ec7c L\u00e0m \u1ede Saskatchewan C\u00f3 PR Nhanh - IGC Immigration\",\"isPartOf\":{\"@id\":\"https:\\\/\\\/www.igocanada.ca\\\/vi\\\/#website\"},\"primaryImageOfPage\":{\"@id\":\"https:\\\/\\\/www.igocanada.ca\\\/vi\\\/viec-lam-o-saskatchewan-co-pr-nhanh\\\/#primaryimage\"},\"image\":{\"@id\":\"https:\\\/\\\/www.igocanada.ca\\\/vi\\\/viec-lam-o-saskatchewan-co-pr-nhanh\\\/#primaryimage\"},\"thumbnailUrl\":\"https:\\\/\\\/www.igocanada.ca\\\/wp-content\\\/uploads\\\/2023\\\/06\\\/viec-lam-o-saskatchewan-2.jpg\",\"datePublished\":\"2023-06-26T06:42:55+00:00\",\"dateModified\":\"2023-06-26T06:42:56+00:00\",\"description\":\"Saskatchewan l\u00e0 m\u1ed9t t\u1ec9nh bang t\u1ea1i Canada c\u00f3 n\u1ec1n kinh t\u1ebf ph\u00e1t tri\u1ec3n v\u00e0 r\u1ea5t h\u1ea5p d\u1eabn \u0111\u1ed1i v\u1edbi ng\u01b0\u1eddi mu\u1ed1n t\u00ecm vi\u1ec7c l\u00e0m v\u00e0 \u0111\u1ecbnh c\u01b0. B\u00e0i vi\u1ebft n\u00e0y s\u1ebd gi\u00fap b\u1ea1n\",\"breadcrumb\":{\"@id\":\"https:\\\/\\\/www.igocanada.ca\\\/vi\\\/viec-lam-o-saskatchewan-co-pr-nhanh\\\/#breadcrumb\"},\"inLanguage\":\"vi-VN\",\"potentialAction\":[{\"@type\":\"ReadAction\",\"target\":[\"https:\\\/\\\/www.igocanada.ca\\\/vi\\\/viec-lam-o-saskatchewan-co-pr-nhanh\\\/\"]}]},{\"@type\":\"ImageObject\",\"inLanguage\":\"vi-VN\",\"@id\":\"https:\\\/\\\/www.igocanada.ca\\\/vi\\\/viec-lam-o-saskatchewan-co-pr-nhanh\\\/#primaryimage\",\"url\":\"https:\\\/\\\/www.igocanada.ca\\\/wp-content\\\/uploads\\\/2023\\\/06\\\/viec-lam-o-saskatchewan-2.jpg\",\"contentUrl\":\"https:\\\/\\\/www.igocanada.ca\\\/wp-content\\\/uploads\\\/2023\\\/06\\\/viec-lam-o-saskatchewan-2.jpg\",\"width\":1024,\"height\":651},{\"@type\":\"BreadcrumbList\",\"@id\":\"https:\\\/\\\/www.igocanada.ca\\\/vi\\\/viec-lam-o-saskatchewan-co-pr-nhanh\\\/#breadcrumb\",\"itemListElement\":[{\"@type\":\"ListItem\",\"position\":1,\"name\":\"Home\",\"item\":\"https:\\\/\\\/www.igocanada.ca\\\/vi\\\/\"},{\"@type\":\"ListItem\",\"position\":2,\"name\":\"Vi\u1ec7c L\u00e0m \u1ede Saskatchewan C\u00f3 PR Nhanh\"}]},{\"@type\":\"WebSite\",\"@id\":\"https:\\\/\\\/www.igocanada.ca\\\/vi\\\/#website\",\"url\":\"https:\\\/\\\/www.igocanada.ca\\\/vi\\\/\",\"name\":\"IGC Immigration\",\"description\":\"Regulated Canadian Immigration Consultant in Saskatchewan\",\"publisher\":{\"@id\":\"https:\\\/\\\/www.igocanada.ca\\\/vi\\\/#organization\"},\"potentialAction\":[{\"@type\":\"SearchAction\",\"target\":{\"@type\":\"EntryPoint\",\"urlTemplate\":\"https:\\\/\\\/www.igocanada.ca\\\/vi\\\/?s={search_term_string}\"},\"query-input\":{\"@type\":\"PropertyValueSpecification\",\"valueRequired\":true,\"valueName\":\"search_term_string\"}}],\"inLanguage\":\"vi-VN\"},{\"@type\":\"Organization\",\"@id\":\"https:\\\/\\\/www.igocanada.ca\\\/vi\\\/#organization\",\"name\":\"IGC Immigration\",\"url\":\"https:\\\/\\\/www.igocanada.ca\\\/vi\\\/\",\"logo\":{\"@type\":\"ImageObject\",\"inLanguage\":\"vi-VN\",\"@id\":\"https:\\\/\\\/www.igocanada.ca\\\/vi\\\/#\\\/schema\\\/logo\\\/image\\\/\",\"url\":\"https:\\\/\\\/www.igocanada.ca\\\/wp-content\\\/uploads\\\/2019\\\/06\\\/Asset-3403x.png\",\"contentUrl\":\"https:\\\/\\\/www.igocanada.ca\\\/wp-content\\\/uploads\\\/2019\\\/06\\\/Asset-3403x.png\",\"width\":1838,\"height\":1838,\"caption\":\"IGC Immigration\"},\"image\":{\"@id\":\"https:\\\/\\\/www.igocanada.ca\\\/vi\\\/#\\\/schema\\\/logo\\\/image\\\/\"},\"sameAs\":[\"https:\\\/\\\/www.facebook.com\\\/igocanada.ca\",\"https:\\\/\\\/x.com\\\/igocanada1\",\"https:\\\/\\\/www.instagram.com\\\/igocanada\\\/\",\"https:\\\/\\\/www.linkedin.com\\\/in\\\/igocanada\\\/\",\"https:\\\/\\\/myspace.com\\\/igocanada\",\"https:\\\/\\\/www.pinterest.ca\\\/igocanada\\\/\",\"https:\\\/\\\/www.youtube.com\\\/channel\\\/UCZI8F-SXYB9L96mgJfVIFOw\"]},{\"@type\":\"Person\",\"@id\":\"https:\\\/\\\/www.igocanada.ca\\\/vi\\\/#\\\/schema\\\/person\\\/7a8b9af59926b328ccba552ab387bcdb\",\"name\":\"Trang Do\",\"image\":{\"@type\":\"ImageObject\",\"inLanguage\":\"vi-VN\",\"@id\":\"https:\\\/\\\/secure.gravatar.com\\\/avatar\\\/5ec0d6f33d8b6c2da42f7d361692030069212b9087ce8047b503c3dd96706ded?s=96&d=mm&r=g\",\"url\":\"https:\\\/\\\/secure.gravatar.com\\\/avatar\\\/5ec0d6f33d8b6c2da42f7d361692030069212b9087ce8047b503c3dd96706ded?s=96&d=mm&r=g\",\"contentUrl\":\"https:\\\/\\\/secure.gravatar.com\\\/avatar\\\/5ec0d6f33d8b6c2da42f7d361692030069212b9087ce8047b503c3dd96706ded?s=96&d=mm&r=g\",\"caption\":\"Trang Do\"},\"description\":\"Trang Do l\u00e0 ng\u01b0\u1eddi s\u00e1ng l\u1eadp \u0111\u1ed3ng th\u1eddi c\u0169ng l\u00e0 Chuy\u00ean Vi\u00ean Lu\u1eadt Di Tr\u00fa (RCIC) c\u1ee7a IGC Immigration. Trang \u0111\u1ea3m tr\u00e1ch t\u1ea5t c\u1ea3 c\u00e1c h\u1ed3 s\u01a1 li\u00ean quan \u0111\u1ebfn du h\u1ecdc, \u0111i l\u00e0m, \u0111\u1ecbnh c\u01b0 t\u1ea1i Canada v\u00e0 chuy\u00ean l\u00e0m v\u1ec1 ch\u01b0\u01a1ng tr\u00ecnh \u0111\u1ecbnh c\u01b0 t\u1ea1i Saskatchewan.\",\"sameAs\":[\"https:\\\/\\\/www.instagram.com\\\/_trangdo\\\/\",\"https:\\\/\\\/www.linkedin.com\\\/in\\\/trang-do-98943640\\\/\"]}]}<\/script>\n<!-- \/ Yoast SEO plugin. -->","yoast_head_json":{"title":"Vi\u1ec7c L\u00e0m \u1ede Saskatchewan C\u00f3 PR Nhanh - IGC Immigration","description":"Saskatchewan l\u00e0 m\u1ed9t t\u1ec9nh bang t\u1ea1i Canada c\u00f3 n\u1ec1n kinh t\u1ebf ph\u00e1t tri\u1ec3n v\u00e0 r\u1ea5t h\u1ea5p d\u1eabn \u0111\u1ed1i v\u1edbi ng\u01b0\u1eddi mu\u1ed1n t\u00ecm vi\u1ec7c l\u00e0m v\u00e0 \u0111\u1ecbnh c\u01b0. B\u00e0i vi\u1ebft n\u00e0y s\u1ebd gi\u00fap b\u1ea1n","robots":{"index":"index","follow":"follow","max-snippet":"max-snippet:-1","max-image-preview":"max-image-preview:large","max-video-preview":"max-video-preview:-1"},"canonical":"https:\/\/www.igocanada.ca\/vi\/viec-lam-o-saskatchewan-co-pr-nhanh\/","og_locale":"vi_VN","og_type":"article","og_title":"Vi\u1ec7c L\u00e0m \u1ede Saskatchewan C\u00f3 PR Nhanh - IGC Immigration","og_description":"Saskatchewan l\u00e0 m\u1ed9t t\u1ec9nh bang t\u1ea1i Canada c\u00f3 n\u1ec1n kinh t\u1ebf ph\u00e1t tri\u1ec3n v\u00e0 r\u1ea5t h\u1ea5p d\u1eabn \u0111\u1ed1i v\u1edbi ng\u01b0\u1eddi mu\u1ed1n t\u00ecm vi\u1ec7c l\u00e0m v\u00e0 \u0111\u1ecbnh c\u01b0. B\u00e0i vi\u1ebft n\u00e0y s\u1ebd gi\u00fap b\u1ea1n","og_url":"https:\/\/www.igocanada.ca\/vi\/viec-lam-o-saskatchewan-co-pr-nhanh\/","og_site_name":"IGC Immigration","article_publisher":"https:\/\/www.facebook.com\/igocanada.ca","article_published_time":"2023-06-26T06:42:55+00:00","article_modified_time":"2023-06-26T06:42:56+00:00","og_image":[{"width":1024,"height":651,"url":"https:\/\/www.igocanada.ca\/wp-content\/uploads\/2023\/06\/viec-lam-o-saskatchewan-2.jpg","type":"image\/jpeg"}],"author":"Trang Do","twitter_card":"summary_large_image","twitter_creator":"@igocanada1","twitter_site":"@igocanada1","twitter_misc":{"Written by":"Trang Do","Est. reading time":"10 minutes"},"schema":{"@context":"https:\/\/schema.org","@graph":[{"@type":"Article","@id":"https:\/\/www.igocanada.ca\/vi\/viec-lam-o-saskatchewan-co-pr-nhanh\/#article","isPartOf":{"@id":"https:\/\/www.igocanada.ca\/vi\/viec-lam-o-saskatchewan-co-pr-nhanh\/"},"author":{"name":"Trang Do","@id":"https:\/\/www.igocanada.ca\/vi\/#\/schema\/person\/7a8b9af59926b328ccba552ab387bcdb"},"headline":"Vi\u1ec7c L\u00e0m \u1ede Saskatchewan C\u00f3 PR Nhanh","datePublished":"2023-06-26T06:42:55+00:00","dateModified":"2023-06-26T06:42:56+00:00","mainEntityOfPage":{"@id":"https:\/\/www.igocanada.ca\/vi\/viec-lam-o-saskatchewan-co-pr-nhanh\/"},"wordCount":2343,"commentCount":0,"publisher":{"@id":"https:\/\/www.igocanada.ca\/vi\/#organization"},"image":{"@id":"https:\/\/www.igocanada.ca\/vi\/viec-lam-o-saskatchewan-co-pr-nhanh\/#primaryimage"},"thumbnailUrl":"https:\/\/www.igocanada.ca\/wp-content\/uploads\/2023\/06\/viec-lam-o-saskatchewan-2.jpg","articleSection":["\u0110\u1ecbnh C\u01b0 \u1edf Saskatchewan"],"inLanguage":"vi-VN","potentialAction":[{"@type":"CommentAction","name":"Comment","target":["https:\/\/www.igocanada.ca\/vi\/viec-lam-o-saskatchewan-co-pr-nhanh\/#respond"]}]},{"@type":"WebPage","@id":"https:\/\/www.igocanada.ca\/vi\/viec-lam-o-saskatchewan-co-pr-nhanh\/","url":"https:\/\/www.igocanada.ca\/vi\/viec-lam-o-saskatchewan-co-pr-nhanh\/","name":"Vi\u1ec7c L\u00e0m \u1ede Saskatchewan C\u00f3 PR Nhanh - IGC Immigration","isPartOf":{"@id":"https:\/\/www.igocanada.ca\/vi\/#website"},"primaryImageOfPage":{"@id":"https:\/\/www.igocanada.ca\/vi\/viec-lam-o-saskatchewan-co-pr-nhanh\/#primaryimage"},"image":{"@id":"https:\/\/www.igocanada.ca\/vi\/viec-lam-o-saskatchewan-co-pr-nhanh\/#primaryimage"},"thumbnailUrl":"https:\/\/www.igocanada.ca\/wp-content\/uploads\/2023\/06\/viec-lam-o-saskatchewan-2.jpg","datePublished":"2023-06-26T06:42:55+00:00","dateModified":"2023-06-26T06:42:56+00:00","description":"Saskatchewan l\u00e0 m\u1ed9t t\u1ec9nh bang t\u1ea1i Canada c\u00f3 n\u1ec1n kinh t\u1ebf ph\u00e1t tri\u1ec3n v\u00e0 r\u1ea5t h\u1ea5p d\u1eabn \u0111\u1ed1i v\u1edbi ng\u01b0\u1eddi mu\u1ed1n t\u00ecm vi\u1ec7c l\u00e0m v\u00e0 \u0111\u1ecbnh c\u01b0. B\u00e0i vi\u1ebft n\u00e0y s\u1ebd gi\u00fap b\u1ea1n","breadcrumb":{"@id":"https:\/\/www.igocanada.ca\/vi\/viec-lam-o-saskatchewan-co-pr-nhanh\/#breadcrumb"},"inLanguage":"vi-VN","potentialAction":[{"@type":"ReadAction","target":["https:\/\/www.igocanada.ca\/vi\/viec-lam-o-saskatchewan-co-pr-nhanh\/"]}]},{"@type":"ImageObject","inLanguage":"vi-VN","@id":"https:\/\/www.igocanada.ca\/vi\/viec-lam-o-saskatchewan-co-pr-nhanh\/#primaryimage","url":"https:\/\/www.igocanada.ca\/wp-content\/uploads\/2023\/06\/viec-lam-o-saskatchewan-2.jpg","contentUrl":"https:\/\/www.igocanada.ca\/wp-content\/uploads\/2023\/06\/viec-lam-o-saskatchewan-2.jpg","width":1024,"height":651},{"@type":"BreadcrumbList","@id":"https:\/\/www.igocanada.ca\/vi\/viec-lam-o-saskatchewan-co-pr-nhanh\/#breadcrumb","itemListElement":[{"@type":"ListItem","position":1,"name":"Home","item":"https:\/\/www.igocanada.ca\/vi\/"},{"@type":"ListItem","position":2,"name":"Vi\u1ec7c L\u00e0m \u1ede Saskatchewan C\u00f3 PR Nhanh"}]},{"@type":"WebSite","@id":"https:\/\/www.igocanada.ca\/vi\/#website","url":"https:\/\/www.igocanada.ca\/vi\/","name":"IGC Immigration","description":"Regulated Canadian Immigration Consultant in Saskatchewan","publisher":{"@id":"https:\/\/www.igocanada.ca\/vi\/#organization"},"potentialAction":[{"@type":"SearchAction","target":{"@type":"EntryPoint","urlTemplate":"https:\/\/www.igocanada.ca\/vi\/?s={search_term_string}"},"query-input":{"@type":"PropertyValueSpecification","valueRequired":true,"valueName":"search_term_string"}}],"inLanguage":"vi-VN"},{"@type":"Organization","@id":"https:\/\/www.igocanada.ca\/vi\/#organization","name":"IGC Immigration","url":"https:\/\/www.igocanada.ca\/vi\/","logo":{"@type":"ImageObject","inLanguage":"vi-VN","@id":"https:\/\/www.igocanada.ca\/vi\/#\/schema\/logo\/image\/","url":"https:\/\/www.igocanada.ca\/wp-content\/uploads\/2019\/06\/Asset-3403x.png","contentUrl":"https:\/\/www.igocanada.ca\/wp-content\/uploads\/2019\/06\/Asset-3403x.png","width":1838,"height":1838,"caption":"IGC Immigration"},"image":{"@id":"https:\/\/www.igocanada.ca\/vi\/#\/schema\/logo\/image\/"},"sameAs":["https:\/\/www.facebook.com\/igocanada.ca","https:\/\/x.com\/igocanada1","https:\/\/www.instagram.com\/igocanada\/","https:\/\/www.linkedin.com\/in\/igocanada\/","https:\/\/myspace.com\/igocanada","https:\/\/www.pinterest.ca\/igocanada\/","https:\/\/www.youtube.com\/channel\/UCZI8F-SXYB9L96mgJfVIFOw"]},{"@type":"Person","@id":"https:\/\/www.igocanada.ca\/vi\/#\/schema\/person\/7a8b9af59926b328ccba552ab387bcdb","name":"Trang Do","image":{"@type":"ImageObject","inLanguage":"vi-VN","@id":"https:\/\/secure.gravatar.com\/avatar\/5ec0d6f33d8b6c2da42f7d361692030069212b9087ce8047b503c3dd96706ded?s=96&d=mm&r=g","url":"https:\/\/secure.gravatar.com\/avatar\/5ec0d6f33d8b6c2da42f7d361692030069212b9087ce8047b503c3dd96706ded?s=96&d=mm&r=g","contentUrl":"https:\/\/secure.gravatar.com\/avatar\/5ec0d6f33d8b6c2da42f7d361692030069212b9087ce8047b503c3dd96706ded?s=96&d=mm&r=g","caption":"Trang Do"},"description":"Trang Do l\u00e0 ng\u01b0\u1eddi s\u00e1ng l\u1eadp \u0111\u1ed3ng th\u1eddi c\u0169ng l\u00e0 Chuy\u00ean Vi\u00ean Lu\u1eadt Di Tr\u00fa (RCIC) c\u1ee7a IGC Immigration. Trang \u0111\u1ea3m tr\u00e1ch t\u1ea5t c\u1ea3 c\u00e1c h\u1ed3 s\u01a1 li\u00ean quan \u0111\u1ebfn du h\u1ecdc, \u0111i l\u00e0m, \u0111\u1ecbnh c\u01b0 t\u1ea1i Canada v\u00e0 chuy\u00ean l\u00e0m v\u1ec1 ch\u01b0\u01a1ng tr\u00ecnh \u0111\u1ecbnh c\u01b0 t\u1ea1i Saskatchewan.","sameAs":["https:\/\/www.instagram.com\/_trangdo\/","https:\/\/www.linkedin.com\/in\/trang-do-98943640\/"]}]}},"_links":{"self":[{"href":"https:\/\/www.igocanada.ca\/vi\/wp-json\/wp\/v2\/posts\/7187","targetHints":{"allow":["GET"]}}],"collection":[{"href":"https:\/\/www.igocanada.ca\/vi\/wp-json\/wp\/v2\/posts"}],"about":[{"href":"https:\/\/www.igocanada.ca\/vi\/wp-json\/wp\/v2\/types\/post"}],"author":[{"embeddable":true,"href":"https:\/\/www.igocanada.ca\/vi\/wp-json\/wp\/v2\/users\/2"}],"replies":[{"embeddable":true,"href":"https:\/\/www.igocanada.ca\/vi\/wp-json\/wp\/v2\/comments?post=7187"}],"version-history":[{"count":0,"href":"https:\/\/www.igocanada.ca\/vi\/wp-json\/wp\/v2\/posts\/7187\/revisions"}],"wp:featuredmedia":[{"embeddable":true,"href":"https:\/\/www.igocanada.ca\/vi\/wp-json\/wp\/v2\/media\/7197"}],"wp:attachment":[{"href":"https:\/\/www.igocanada.ca\/vi\/wp-json\/wp\/v2\/media?parent=7187"}],"wp:term":[{"taxonomy":"category","embeddable":true,"href":"https:\/\/www.igocanada.ca\/vi\/wp-json\/wp\/v2\/categories?post=7187"},{"taxonomy":"post_tag","embeddable":true,"href":"https:\/\/www.igocanada.ca\/vi\/wp-json\/wp\/v2\/tags?post=7187"}],"curies":[{"name":"wp","href":"https:\/\/api.w.org\/{rel}","templated":true}]}}